{"id":986,"date":"2014-04-08T18:40:57","date_gmt":"2014-04-08T16:40:57","guid":{"rendered":"http:\/\/www.moppedblock.de\/?p=986"},"modified":"2014-04-08T18:40:57","modified_gmt":"2014-04-08T16:40:57","slug":"april-april-2","status":"publish","type":"post","link":"http:\/\/www.moppedblock.de\/?p=986","title":{"rendered":"April, April&#8230;&#8230;&#8230;&#8230;"},"content":{"rendered":"<p>Nach Eberhards und Udos Moppedtour nach Bad Bevensen am vergangenen Donnerstag verschlechterte sich die Wetterlage st\u00e4ndig. Nur vereinzelte kurzzeitige Auflockerungen bei nicht so dollen Temperaturen luden nicht gerade zu l\u00e4ngeren Ausfahrten am Wochenende ein. W\u00e4hrend Udo seit dem 1. M\u00e4rz doch schon \u00fcber 1000km geschafft hat, Eberhard noch etwas hinterher f\u00e4hrt (jetzt aber mit neuen Reifen!), Frank und Gerd wohl noch beim Putzen sind \u00a0\ud83d\ude09 , steht mein Motorrad ebenfalls immer noch eingepackt in der Scheune. Ich werde demn\u00e4chst mal probieren, was die Batterie sagt!<\/p>\n<p>Meine Schulter wird wohl vorerst nur Kurztouren zulassen, wobei es doch t\u00e4glich besser werden soll. Leider wird aber bis zum 11.Juni die vollst\u00e4ndige Beweglichkeit der Schulter nicht hergestellt sein. Eine 14-t\u00e4gige Tour mit so um die 6 Stunden t\u00e4glicher Fahrtzeit w\u00fcrde wahrscheinlich noch eine zu gro\u00dfe Belastung sein. Deshalb haben Eberhard und ich die diesj\u00e4hrige geplante Tour nach Kroatien storniert. Die Gesundheit geht vor. Es tut mir sehr leid, wir hatten uns darauf gefreut. Unsere Vorbereitungen und Planungen liefen schon. Aber wie ich Eberhard kenne, hat er schon Ideen f\u00fcr eine eigene Ersatztour? Aber Kroatien ist nicht abgehakt!<\/p>\n<p>Vorerst\u00a0werde ich mich\u00a0mit Tagesfahrten begn\u00fcgen, wobei ich doch auf Mitfahrer hoffe!<\/p>\n<p>Bis dann also<\/p>\n<p>Hansi<\/p>\n","protected":false},"excerpt":{"rendered":"<p>Nach Eberhards und Udos Moppedtour nach Bad Bevensen am vergangenen Donnerstag verschlechterte sich die Wetterlage st\u00e4ndig. Nur vereinzelte kurzzeitige Auflockerungen bei nicht so dollen Temperaturen luden nicht gerade zu l\u00e4ngeren Ausfahrten am Wochenende ein. W\u00e4hrend Udo seit dem 1. M\u00e4rz &hellip; <a href=\"http:\/\/www.moppedblock.de\/?p=986\">Weiterlesen <span class=\"meta-nav\">&rarr;<\/span><\/a><\/p>\n","protected":false},"author":2,"featured_media":0,"comment_status":"open","ping_status":"open","sticky":false,"template":"","format":"standard","meta":{"ngg_post_thumbnail":0,"footnotes":""},"categories":[1],"tags":[],"class_list":["post-986","post","type-post","status-publish","format-standard","hentry","category-allgemein"],"_links":{"self":[{"href":"http:\/\/www.moppedblock.de\/index.php?rest_route=\/wp\/v2\/posts\/986","targetHints":{"allow":["GET"]}}],"collection":[{"href":"http:\/\/www.moppedblock.de\/index.php?rest_route=\/wp\/v2\/posts"}],"about":[{"href":"http:\/\/www.moppedblock.de\/index.php?rest_route=\/wp\/v2\/types\/post"}],"author":[{"embeddable":true,"href":"http:\/\/www.moppedblock.de\/index.php?rest_route=\/wp\/v2\/users\/2"}],"replies":[{"embeddable":true,"href":"http:\/\/www.moppedblock.de\/index.php?rest_route=%2Fwp%2Fv2%2Fcomments&post=986"}],"version-history":[{"count":2,"href":"http:\/\/www.moppedblock.de\/index.php?rest_route=\/wp\/v2\/posts\/986\/revisions"}],"predecessor-version":[{"id":988,"href":"http:\/\/www.moppedblock.de\/index.php?rest_route=\/wp\/v2\/posts\/986\/revisions\/988"}],"wp:attachment":[{"href":"http:\/\/www.moppedblock.de\/index.php?rest_route=%2Fwp%2Fv2%2Fmedia&parent=986"}],"wp:term":[{"taxonomy":"category","embeddable":true,"href":"http:\/\/www.moppedblock.de\/index.php?rest_route=%2Fwp%2Fv2%2Fcategories&post=986"},{"taxonomy":"post_tag","embeddable":true,"href":"http:\/\/www.moppedblock.de\/index.php?rest_route=%2Fwp%2Fv2%2Ftags&post=986"}],"curies":[{"name":"wp","href":"https:\/\/api.w.org\/{rel}","templated":true}]}}